{"id":7962,"date":"2026-08-08T17:00:15","date_gmt":"2026-08-08T16:00:15","guid":{"rendered":"https:\/\/funeralmade.com\/?p=7962"},"modified":"2026-08-08T17:12:22","modified_gmt":"2026-08-08T16:12:22","slug":"giorgio-ronconi","status":"publish","type":"post","link":"https:\/\/funeralmade.com\/?p=7962","title":{"rendered":"Giorgio Ronconi"},"content":{"rendered":"\t\t<div data-elementor-type=\"wp-post\" data-elementor-id=\"7962\" class=\"elementor elementor-7962\">\n\t\t\t\t\t\t<section class=\"elementor-section elementor-top-section elementor-element elementor-element-544648a9 elementor-section-boxed elementor-section-height-default elementor-section-height-default\" data-id=\"544648a9\" data-element_type=\"section\" data-e-type=\"section\" data-settings=\"{&quot;background_background&quot;:&quot;classic&quot;}\">\n\t\t\t\t\t\t<div class=\"elementor-container elementor-column-gap-default\">\n\t\t\t\t\t<div class=\"elementor-column elementor-col-100 elementor-top-column elementor-element elementor-element-768bf005\" data-id=\"768bf005\" data-element_type=\"column\" data-e-type=\"column\">\n\t\t\t<div class=\"elementor-widget-wrap elementor-element-populated\">\n\t\t\t\t\t\t<div class=\"elementor-element elementor-element-25322a3 elementor-widget-divider--view-line elementor-widget elementor-widget-divider\" data-id=\"25322a3\" data-element_type=\"widget\" data-e-type=\"widget\" data-widget_type=\"divider.default\">\n\t\t\t\t<div class=\"elementor-widget-container\">\n\t\t\t\t\t\t\t<div class=\"elementor-divider\">\n\t\t\t<span class=\"elementor-divider-separator\">\n\t\t\t\t\t\t<\/span>\n\t\t<\/div>\n\t\t\t\t\t\t<\/div>\n\t\t\t\t<\/div>\n\t\t\t\t<div class=\"elementor-element elementor-element-4f0df0f8 elementor-widget elementor-widget-text-editor\" data-id=\"4f0df0f8\" data-element_type=\"widget\" data-e-type=\"widget\" data-widget_type=\"text-editor.default\">\n\t\t\t\t<div class=\"elementor-widget-container\">\n\t\t\t\t\t\t\t\t\t\n<figure class=\"wp-block-gallery has-nested-images columns-default is-cropped wp-block-gallery-2 is-layout-flex wp-block-gallery-is-layout-flex\"><\/figure>\n\t\t\t\t\t\t\t\t<\/div>\n\t\t\t\t<\/div>\n\t\t\t\t\t<\/div>\n\t\t<\/div>\n\t\t\t\t\t<\/div>\n\t\t<\/section>\n\t\t\t\t<section class=\"elementor-section elementor-top-section elementor-element elementor-element-15bfbc6 elementor-section-boxed elementor-section-height-default elementor-section-height-default\" data-id=\"15bfbc6\" data-element_type=\"section\" data-e-type=\"section\" data-settings=\"{&quot;background_background&quot;:&quot;classic&quot;}\">\n\t\t\t\t\t\t<div class=\"elementor-container elementor-column-gap-default\">\n\t\t\t\t\t<div class=\"elementor-column elementor-col-100 elementor-top-column elementor-element elementor-element-1ee7eda\" data-id=\"1ee7eda\" data-element_type=\"column\" data-e-type=\"column\">\n\t\t\t<div class=\"elementor-widget-wrap elementor-element-populated\">\n\t\t\t\t\t\t\t<\/div>\n\t\t<\/div>\n\t\t\t\t\t<\/div>\n\t\t<\/section>\n\t\t\t\t<section class=\"elementor-section elementor-top-section elementor-element elementor-element-a39fa60 elementor-section-stretched elementor-section-boxed elementor-section-height-default elementor-section-height-default\" data-id=\"a39fa60\" data-element_type=\"section\" data-e-type=\"section\" data-settings=\"{&quot;stretch_section&quot;:&quot;section-stretched&quot;,&quot;background_background&quot;:&quot;classic&quot;}\">\n\t\t\t\t\t\t<div class=\"elementor-container elementor-column-gap-default\">\n\t\t\t\t\t<div class=\"elementor-column elementor-col-100 elementor-top-column elementor-element elementor-element-1299555\" data-id=\"1299555\" data-element_type=\"column\" data-e-type=\"column\">\n\t\t\t<div class=\"elementor-widget-wrap elementor-element-populated\">\n\t\t\t\t\t\t<div class=\"elementor-element elementor-element-69c533e elementor-widget elementor-widget-image\" data-id=\"69c533e\" data-element_type=\"widget\" data-e-type=\"widget\" data-widget_type=\"image.default\">\n\t\t\t\t<div class=\"elementor-widget-container\">\n\t\t\t\t\t\t\t\t\t\t\t\t\t\t\t<img fetchpriority=\"high\" decoding=\"async\" width=\"214\" height=\"300\" src=\"https:\/\/funeralmade.com\/wp-content\/uploads\/2026\/08\/RONCONI-GIORGIO-214x300.jpg\" class=\"attachment-medium size-medium wp-image-7965\" alt=\"\" srcset=\"https:\/\/funeralmade.com\/wp-content\/uploads\/2026\/08\/RONCONI-GIORGIO-214x300.jpg 214w, https:\/\/funeralmade.com\/wp-content\/uploads\/2026\/08\/RONCONI-GIORGIO-730x1024.jpg 730w, https:\/\/funeralmade.com\/wp-content\/uploads\/2026\/08\/RONCONI-GIORGIO-768x1078.jpg 768w, https:\/\/funeralmade.com\/wp-content\/uploads\/2026\/08\/RONCONI-GIORGIO.jpg 796w\" sizes=\"(max-width: 214px) 100vw, 214px\" \/>\t\t\t\t\t\t\t\t\t\t\t\t\t\t\t<\/div>\n\t\t\t\t<\/div>\n\t\t\t\t<div class=\"elementor-element elementor-element-ae359d3 elementor-widget elementor-widget-heading\" data-id=\"ae359d3\" data-element_type=\"widget\" data-e-type=\"widget\" data-widget_type=\"heading.default\">\n\t\t\t\t<div class=\"elementor-widget-container\">\n\t\t\t\t\t<h1 class=\"elementor-heading-title elementor-size-large\">Sabato 8 agosto \u00e8 mancato all'affetto dei suoi cari<br><br><p><b><i>Giorgio Ronconi<\/i><\/b><\/p>di anni 89<br><br><br><p>Ne danno il triste annuncio la moglie Lucia, la figlia Erika con Massimo, l'adorato nipote Nicol\u00f2, fratelli, sorelle, cognati, nipoti e parenti tutti.<\/p>I funerali avranno luogo marted\u00ec 11 agosto alle ore 10:00 nella chiesa parrocchiale di Ronconi.<br>Al termine si proseguir\u00e0 per il cimitero locale.<br><br>Il S. Rosario sar\u00e0 recitato luned\u00ec 10 agosto alle 20:00 nella chiesa di Ronconi.<br><br><p>La presente serve di partecipazione e personale ringraziamento.<\/p><br><br><i>Ronconi, 8 agosto 2026<\/i><\/h1>\t\t\t\t<\/div>\n\t\t\t\t<\/div>\n\t\t\t\t\t<\/div>\n\t\t<\/div>\n\t\t\t\t\t<\/div>\n\t\t<\/section>\n\t\t\t\t<\/div>\n\t\t","protected":false},"excerpt":{"rendered":"<p>Sabato 8 agosto \u00e8 mancato all&#8217;affetto dei suoi cari Giorgio Ronconi di anni 89 Ne danno il triste annuncio la moglie Lucia, la figlia Erika con Massimo, l&#8217;adorato nipote Nicol\u00f2, fratelli, sorelle, cognati, nipoti e parenti tutti. I funerali avranno luogo marted\u00ec 11 agosto alle ore 10:00 nella chiesa parrocchiale di Ronconi.Al termine si proseguir\u00e0 [&hellip;]<\/p>\n","protected":false},"author":5,"featured_media":7965,"comment_status":"open","ping_status":"closed","sticky":false,"template":"","format":"standard","meta":{"_monsterinsights_skip_tracking":false,"_jetpack_newsletter_access":"","_jetpack_dont_email_post_to_subs":false,"_jetpack_newsletter_tier_id":0,"_jetpack_memberships_contains_paywalled_content":false,"_jetpack_memberships_contains_paid_content":false,"footnotes":""},"categories":[5],"tags":[],"class_list":["post-7962","post","type-post","status-publish","format-standard","has-post-thumbnail","hentry","category-categoria-1"],"jetpack_sharing_enabled":true,"jetpack_featured_media_url":"https:\/\/funeralmade.com\/wp-content\/uploads\/2026\/08\/RONCONI-GIORGIO.jpg","_links":{"self":[{"href":"https:\/\/funeralmade.com\/index.php?rest_route=\/wp\/v2\/posts\/7962","targetHints":{"allow":["GET"]}}],"collection":[{"href":"https:\/\/funeralmade.com\/index.php?rest_route=\/wp\/v2\/posts"}],"about":[{"href":"https:\/\/funeralmade.com\/index.php?rest_route=\/wp\/v2\/types\/post"}],"author":[{"embeddable":true,"href":"https:\/\/funeralmade.com\/index.php?rest_route=\/wp\/v2\/users\/5"}],"replies":[{"embeddable":true,"href":"https:\/\/funeralmade.com\/index.php?rest_route=%2Fwp%2Fv2%2Fcomments&post=7962"}],"version-history":[{"count":4,"href":"https:\/\/funeralmade.com\/index.php?rest_route=\/wp\/v2\/posts\/7962\/revisions"}],"predecessor-version":[{"id":7970,"href":"https:\/\/funeralmade.com\/index.php?rest_route=\/wp\/v2\/posts\/7962\/revisions\/7970"}],"wp:featuredmedia":[{"embeddable":true,"href":"https:\/\/funeralmade.com\/index.php?rest_route=\/wp\/v2\/media\/7965"}],"wp:attachment":[{"href":"https:\/\/funeralmade.com\/index.php?rest_route=%2Fwp%2Fv2%2Fmedia&parent=7962"}],"wp:term":[{"taxonomy":"category","embeddable":true,"href":"https:\/\/funeralmade.com\/index.php?rest_route=%2Fwp%2Fv2%2Fcategories&post=7962"},{"taxonomy":"post_tag","embeddable":true,"href":"https:\/\/funeralmade.com\/index.php?rest_route=%2Fwp%2Fv2%2Ftags&post=7962"}],"curies":[{"name":"wp","href":"https:\/\/api.w.org\/{rel}","templated":true}]}}