{"id":8047,"date":"2026-08-17T14:24:43","date_gmt":"2026-08-17T13:24:43","guid":{"rendered":"https:\/\/funeralmade.com\/?p=8047"},"modified":"2026-08-17T14:36:19","modified_gmt":"2026-08-17T13:36:19","slug":"domenica-galetti","status":"publish","type":"post","link":"https:\/\/funeralmade.com\/?p=8047","title":{"rendered":"Domenica Galetti"},"content":{"rendered":"\t\t<div data-elementor-type=\"wp-post\" data-elementor-id=\"8047\" class=\"elementor elementor-8047\">\n\t\t\t\t\t\t<section class=\"elementor-section elementor-top-section elementor-element elementor-element-544648a9 elementor-section-boxed elementor-section-height-default elementor-section-height-default\" data-id=\"544648a9\" data-element_type=\"section\" data-e-type=\"section\" data-settings=\"{&quot;background_background&quot;:&quot;classic&quot;}\">\n\t\t\t\t\t\t<div class=\"elementor-container elementor-column-gap-default\">\n\t\t\t\t\t<div class=\"elementor-column elementor-col-100 elementor-top-column elementor-element elementor-element-768bf005\" data-id=\"768bf005\" data-element_type=\"column\" data-e-type=\"column\">\n\t\t\t<div class=\"elementor-widget-wrap elementor-element-populated\">\n\t\t\t\t\t\t<div class=\"elementor-element elementor-element-25322a3 elementor-widget-divider--view-line elementor-widget elementor-widget-divider\" data-id=\"25322a3\" data-element_type=\"widget\" data-e-type=\"widget\" data-widget_type=\"divider.default\">\n\t\t\t\t<div class=\"elementor-widget-container\">\n\t\t\t\t\t\t\t<div class=\"elementor-divider\">\n\t\t\t<span class=\"elementor-divider-separator\">\n\t\t\t\t\t\t<\/span>\n\t\t<\/div>\n\t\t\t\t\t\t<\/div>\n\t\t\t\t<\/div>\n\t\t\t\t<div class=\"elementor-element elementor-element-4f0df0f8 elementor-widget elementor-widget-text-editor\" data-id=\"4f0df0f8\" data-element_type=\"widget\" data-e-type=\"widget\" data-widget_type=\"text-editor.default\">\n\t\t\t\t<div class=\"elementor-widget-container\">\n\t\t\t\t\t\t\t\t\t\n<figure class=\"wp-block-gallery has-nested-images columns-default is-cropped wp-block-gallery-2 is-layout-flex wp-block-gallery-is-layout-flex\"><\/figure>\n\t\t\t\t\t\t\t\t<\/div>\n\t\t\t\t<\/div>\n\t\t\t\t\t<\/div>\n\t\t<\/div>\n\t\t\t\t\t<\/div>\n\t\t<\/section>\n\t\t\t\t<section class=\"elementor-section elementor-top-section elementor-element elementor-element-15bfbc6 elementor-section-boxed elementor-section-height-default elementor-section-height-default\" data-id=\"15bfbc6\" data-element_type=\"section\" data-e-type=\"section\" data-settings=\"{&quot;background_background&quot;:&quot;classic&quot;}\">\n\t\t\t\t\t\t<div class=\"elementor-container elementor-column-gap-default\">\n\t\t\t\t\t<div class=\"elementor-column elementor-col-100 elementor-top-column elementor-element elementor-element-1ee7eda\" data-id=\"1ee7eda\" data-element_type=\"column\" data-e-type=\"column\">\n\t\t\t<div class=\"elementor-widget-wrap elementor-element-populated\">\n\t\t\t\t\t\t\t<\/div>\n\t\t<\/div>\n\t\t\t\t\t<\/div>\n\t\t<\/section>\n\t\t\t\t<section class=\"elementor-section elementor-top-section elementor-element elementor-element-a39fa60 elementor-section-stretched elementor-section-boxed elementor-section-height-default elementor-section-height-default\" data-id=\"a39fa60\" data-element_type=\"section\" data-e-type=\"section\" data-settings=\"{&quot;stretch_section&quot;:&quot;section-stretched&quot;,&quot;background_background&quot;:&quot;classic&quot;}\">\n\t\t\t\t\t\t<div class=\"elementor-container elementor-column-gap-default\">\n\t\t\t\t\t<div class=\"elementor-column elementor-col-100 elementor-top-column elementor-element elementor-element-1299555\" data-id=\"1299555\" data-element_type=\"column\" data-e-type=\"column\">\n\t\t\t<div class=\"elementor-widget-wrap elementor-element-populated\">\n\t\t\t\t\t\t<div class=\"elementor-element elementor-element-69c533e elementor-widget elementor-widget-image\" data-id=\"69c533e\" data-element_type=\"widget\" data-e-type=\"widget\" data-widget_type=\"image.default\">\n\t\t\t\t<div class=\"elementor-widget-container\">\n\t\t\t\t\t\t\t\t\t\t\t\t\t\t\t<img fetchpriority=\"high\" decoding=\"async\" width=\"217\" height=\"300\" src=\"https:\/\/funeralmade.com\/wp-content\/uploads\/2026\/08\/Galetti-Domenica-217x300.jpg\" class=\"attachment-medium size-medium wp-image-8048\" alt=\"\" srcset=\"https:\/\/funeralmade.com\/wp-content\/uploads\/2026\/08\/Galetti-Domenica-217x300.jpg 217w, https:\/\/funeralmade.com\/wp-content\/uploads\/2026\/08\/Galetti-Domenica-740x1024.jpg 740w, https:\/\/funeralmade.com\/wp-content\/uploads\/2026\/08\/Galetti-Domenica-768x1063.jpg 768w, https:\/\/funeralmade.com\/wp-content\/uploads\/2026\/08\/Galetti-Domenica-1109x1536.jpg 1109w, https:\/\/funeralmade.com\/wp-content\/uploads\/2026\/08\/Galetti-Domenica-1479x2048.jpg 1479w, https:\/\/funeralmade.com\/wp-content\/uploads\/2026\/08\/Galetti-Domenica-scaled.jpg 1849w\" sizes=\"(max-width: 217px) 100vw, 217px\" \/>\t\t\t\t\t\t\t\t\t\t\t\t\t\t\t<\/div>\n\t\t\t\t<\/div>\n\t\t\t\t<div class=\"elementor-element elementor-element-ae359d3 elementor-widget elementor-widget-heading\" data-id=\"ae359d3\" data-element_type=\"widget\" data-e-type=\"widget\" data-widget_type=\"heading.default\">\n\t\t\t\t<div class=\"elementor-widget-container\">\n\t\t\t\t\t<h1 class=\"elementor-heading-title elementor-size-large\">E' mancata all\u2019affetto dei suoi cari<br><br><p><b><i>Domenica Galetti<\/i><\/b><\/p>ved. Monachesi<br>di anni 90<br><br><br>\nA cremazione avvenuta lo annuncia il figlio Marco con Felur, i nipoti Luca e Nina insieme ai parenti tutti.<br><br>Una S.Messa in suffragio sar\u00e0 celebrata nella chiesa di Torri del Benaco marted\u00ec 8 settembre alle ore 15:00.<br><br><p>Il S. Rosario sar\u00e0 recitato luned\u00ec 7 settembre alle ore 17:30 in chiesa a Torri.<br><\/p><p><br>Si ringraziano quanti la ricorderanno con affetto e preghiera.<\/p><br><br><i>Torri del Benaco, 17 agosto 2026<\/i><\/h1>\t\t\t\t<\/div>\n\t\t\t\t<\/div>\n\t\t\t\t\t<\/div>\n\t\t<\/div>\n\t\t\t\t\t<\/div>\n\t\t<\/section>\n\t\t\t\t<\/div>\n\t\t","protected":false},"excerpt":{"rendered":"<p>E&#8217; mancata all\u2019affetto dei suoi cari Domenica Galetti ved. Monachesidi anni 90 A cremazione avvenuta lo annuncia il figlio Marco con Felur, i nipoti Luca e Nina insieme ai parenti tutti. Una S.Messa in suffragio sar\u00e0 celebrata nella chiesa di Torri del Benaco marted\u00ec 8 settembre alle ore 15:00. Il S. Rosario sar\u00e0 recitato luned\u00ec [&hellip;]<\/p>\n","protected":false},"author":5,"featured_media":8048,"comment_status":"open","ping_status":"closed","sticky":false,"template":"","format":"standard","meta":{"_monsterinsights_skip_tracking":false,"_jetpack_newsletter_access":"","_jetpack_dont_email_post_to_subs":false,"_jetpack_newsletter_tier_id":0,"_jetpack_memberships_contains_paywalled_content":false,"_jetpack_memberships_contains_paid_content":false,"footnotes":""},"categories":[5],"tags":[],"class_list":["post-8047","post","type-post","status-publish","format-standard","has-post-thumbnail","hentry","category-categoria-1"],"jetpack_sharing_enabled":true,"jetpack_featured_media_url":"https:\/\/funeralmade.com\/wp-content\/uploads\/2026\/08\/Galetti-Domenica-scaled.jpg","_links":{"self":[{"href":"https:\/\/funeralmade.com\/index.php?rest_route=\/wp\/v2\/posts\/8047","targetHints":{"allow":["GET"]}}],"collection":[{"href":"https:\/\/funeralmade.com\/index.php?rest_route=\/wp\/v2\/posts"}],"about":[{"href":"https:\/\/funeralmade.com\/index.php?rest_route=\/wp\/v2\/types\/post"}],"author":[{"embeddable":true,"href":"https:\/\/funeralmade.com\/index.php?rest_route=\/wp\/v2\/users\/5"}],"replies":[{"embeddable":true,"href":"https:\/\/funeralmade.com\/index.php?rest_route=%2Fwp%2Fv2%2Fcomments&post=8047"}],"version-history":[{"count":5,"href":"https:\/\/funeralmade.com\/index.php?rest_route=\/wp\/v2\/posts\/8047\/revisions"}],"predecessor-version":[{"id":8061,"href":"https:\/\/funeralmade.com\/index.php?rest_route=\/wp\/v2\/posts\/8047\/revisions\/8061"}],"wp:featuredmedia":[{"embeddable":true,"href":"https:\/\/funeralmade.com\/index.php?rest_route=\/wp\/v2\/media\/8048"}],"wp:attachment":[{"href":"https:\/\/funeralmade.com\/index.php?rest_route=%2Fwp%2Fv2%2Fmedia&parent=8047"}],"wp:term":[{"taxonomy":"category","embeddable":true,"href":"https:\/\/funeralmade.com\/index.php?rest_route=%2Fwp%2Fv2%2Fcategories&post=8047"},{"taxonomy":"post_tag","embeddable":true,"href":"https:\/\/funeralmade.com\/index.php?rest_route=%2Fwp%2Fv2%2Ftags&post=8047"}],"curies":[{"name":"wp","href":"https:\/\/api.w.org\/{rel}","templated":true}]}}