{"id":8072,"date":"2026-08-18T15:34:38","date_gmt":"2026-08-18T14:34:38","guid":{"rendered":"https:\/\/funeralmade.com\/?p=8072"},"modified":"2026-08-18T15:40:24","modified_gmt":"2026-08-18T14:40:24","slug":"elio-lavarini","status":"publish","type":"post","link":"https:\/\/funeralmade.com\/?p=8072","title":{"rendered":"Elio Lavarini"},"content":{"rendered":"\t\t<div data-elementor-type=\"wp-post\" data-elementor-id=\"8072\" class=\"elementor elementor-8072\">\n\t\t\t\t\t\t<section class=\"elementor-section elementor-top-section elementor-element elementor-element-544648a9 elementor-section-boxed elementor-section-height-default elementor-section-height-default\" data-id=\"544648a9\" data-element_type=\"section\" data-e-type=\"section\" data-settings=\"{&quot;background_background&quot;:&quot;classic&quot;}\">\n\t\t\t\t\t\t<div class=\"elementor-container elementor-column-gap-default\">\n\t\t\t\t\t<div class=\"elementor-column elementor-col-100 elementor-top-column elementor-element elementor-element-768bf005\" data-id=\"768bf005\" data-element_type=\"column\" data-e-type=\"column\">\n\t\t\t<div class=\"elementor-widget-wrap elementor-element-populated\">\n\t\t\t\t\t\t<div class=\"elementor-element elementor-element-25322a3 elementor-widget-divider--view-line elementor-widget elementor-widget-divider\" data-id=\"25322a3\" data-element_type=\"widget\" data-e-type=\"widget\" data-widget_type=\"divider.default\">\n\t\t\t\t<div class=\"elementor-widget-container\">\n\t\t\t\t\t\t\t<div class=\"elementor-divider\">\n\t\t\t<span class=\"elementor-divider-separator\">\n\t\t\t\t\t\t<\/span>\n\t\t<\/div>\n\t\t\t\t\t\t<\/div>\n\t\t\t\t<\/div>\n\t\t\t\t<div class=\"elementor-element elementor-element-4f0df0f8 elementor-widget elementor-widget-text-editor\" data-id=\"4f0df0f8\" data-element_type=\"widget\" data-e-type=\"widget\" data-widget_type=\"text-editor.default\">\n\t\t\t\t<div class=\"elementor-widget-container\">\n\t\t\t\t\t\t\t\t\t\n<figure class=\"wp-block-gallery has-nested-images columns-default is-cropped wp-block-gallery-2 is-layout-flex wp-block-gallery-is-layout-flex\"><\/figure>\n\t\t\t\t\t\t\t\t<\/div>\n\t\t\t\t<\/div>\n\t\t\t\t\t<\/div>\n\t\t<\/div>\n\t\t\t\t\t<\/div>\n\t\t<\/section>\n\t\t\t\t<section class=\"elementor-section elementor-top-section elementor-element elementor-element-15bfbc6 elementor-section-boxed elementor-section-height-default elementor-section-height-default\" data-id=\"15bfbc6\" data-element_type=\"section\" data-e-type=\"section\" data-settings=\"{&quot;background_background&quot;:&quot;classic&quot;}\">\n\t\t\t\t\t\t<div class=\"elementor-container elementor-column-gap-default\">\n\t\t\t\t\t<div class=\"elementor-column elementor-col-100 elementor-top-column elementor-element elementor-element-1ee7eda\" data-id=\"1ee7eda\" data-element_type=\"column\" data-e-type=\"column\">\n\t\t\t<div class=\"elementor-widget-wrap elementor-element-populated\">\n\t\t\t\t\t\t\t<\/div>\n\t\t<\/div>\n\t\t\t\t\t<\/div>\n\t\t<\/section>\n\t\t\t\t<section class=\"elementor-section elementor-top-section elementor-element elementor-element-a39fa60 elementor-section-stretched elementor-section-boxed elementor-section-height-default elementor-section-height-default\" data-id=\"a39fa60\" data-element_type=\"section\" data-e-type=\"section\" data-settings=\"{&quot;stretch_section&quot;:&quot;section-stretched&quot;,&quot;background_background&quot;:&quot;classic&quot;}\">\n\t\t\t\t\t\t<div class=\"elementor-container elementor-column-gap-default\">\n\t\t\t\t\t<div class=\"elementor-column elementor-col-100 elementor-top-column elementor-element elementor-element-1299555\" data-id=\"1299555\" data-element_type=\"column\" data-e-type=\"column\">\n\t\t\t<div class=\"elementor-widget-wrap elementor-element-populated\">\n\t\t\t\t\t\t<div class=\"elementor-element elementor-element-69c533e elementor-widget elementor-widget-image\" data-id=\"69c533e\" data-element_type=\"widget\" data-e-type=\"widget\" data-widget_type=\"image.default\">\n\t\t\t\t<div class=\"elementor-widget-container\">\n\t\t\t\t\t\t\t\t\t\t\t\t\t\t\t<img fetchpriority=\"high\" decoding=\"async\" width=\"219\" height=\"300\" src=\"https:\/\/funeralmade.com\/wp-content\/uploads\/2026\/08\/NO_20260819_LAVARINI_ELIO-219x300.jpg\" class=\"attachment-medium size-medium wp-image-8073\" alt=\"\" srcset=\"https:\/\/funeralmade.com\/wp-content\/uploads\/2026\/08\/NO_20260819_LAVARINI_ELIO-219x300.jpg 219w, https:\/\/funeralmade.com\/wp-content\/uploads\/2026\/08\/NO_20260819_LAVARINI_ELIO-748x1024.jpg 748w, https:\/\/funeralmade.com\/wp-content\/uploads\/2026\/08\/NO_20260819_LAVARINI_ELIO-768x1051.jpg 768w, https:\/\/funeralmade.com\/wp-content\/uploads\/2026\/08\/NO_20260819_LAVARINI_ELIO.jpg 804w\" sizes=\"(max-width: 219px) 100vw, 219px\" \/>\t\t\t\t\t\t\t\t\t\t\t\t\t\t\t<\/div>\n\t\t\t\t<\/div>\n\t\t\t\t<div class=\"elementor-element elementor-element-ae359d3 elementor-widget elementor-widget-heading\" data-id=\"ae359d3\" data-element_type=\"widget\" data-e-type=\"widget\" data-widget_type=\"heading.default\">\n\t\t\t\t<div class=\"elementor-widget-container\">\n\t\t\t\t\t<h1 class=\"elementor-heading-title elementor-size-large\">Luned\u00ec 17 agosto si \u00e8 spento serenamente con l'affetto dei suoi cari<br><br><p><b><i>Elio Lavarini<\/i><\/b><\/p>di anni 97<br><br>\nNe danno il triste annuncio i figli Federico con Ivana, Remo con Daniela, Mirella con Renato, i cari nipoti Marco, Cristian, Luca, Daniele, Valentino, Loris, Maria, Alessandro, il fratello Eligio, pronipoti e parenti tutti.<br><br>I funerali avranno luogo gioved\u00ec 20 agosto alle ore 10:30 nella chiesa Parrocchiale di Fosse, parendo dalla casa di riposo di Erbezzo alle ore 10:00. <br><br>Al termine seguir\u00e0 la cremazione.<br><br>La recita del S. Rosario sar\u00e0 mercoled\u00ec 19 agosto alle ore 20:00 in chiesa a Fosse.<br><br>La presente quale partecipazione e personale ringraziamento<br><br><br><i>Verona, 17 agosto 2026<\/i><\/h1>\t\t\t\t<\/div>\n\t\t\t\t<\/div>\n\t\t\t\t\t<\/div>\n\t\t<\/div>\n\t\t\t\t\t<\/div>\n\t\t<\/section>\n\t\t\t\t<\/div>\n\t\t","protected":false},"excerpt":{"rendered":"<p>Luned\u00ec 17 agosto si \u00e8 spento serenamente con l&#8217;affetto dei suoi cari Elio Lavarini di anni 97 Ne danno il triste annuncio i figli Federico con Ivana, Remo con Daniela, Mirella con Renato, i cari nipoti Marco, Cristian, Luca, Daniele, Valentino, Loris, Maria, Alessandro, il fratello Eligio, pronipoti e parenti tutti. I funerali avranno luogo [&hellip;]<\/p>\n","protected":false},"author":5,"featured_media":8073,"comment_status":"open","ping_status":"closed","sticky":false,"template":"","format":"standard","meta":{"_monsterinsights_skip_tracking":false,"_jetpack_newsletter_access":"","_jetpack_dont_email_post_to_subs":false,"_jetpack_newsletter_tier_id":0,"_jetpack_memberships_contains_paywalled_content":false,"_jetpack_memberships_contains_paid_content":false,"footnotes":""},"categories":[5],"tags":[],"class_list":["post-8072","post","type-post","status-publish","format-standard","has-post-thumbnail","hentry","category-categoria-1"],"jetpack_sharing_enabled":true,"jetpack_featured_media_url":"https:\/\/funeralmade.com\/wp-content\/uploads\/2026\/08\/NO_20260819_LAVARINI_ELIO.jpg","_links":{"self":[{"href":"https:\/\/funeralmade.com\/index.php?rest_route=\/wp\/v2\/posts\/8072","targetHints":{"allow":["GET"]}}],"collection":[{"href":"https:\/\/funeralmade.com\/index.php?rest_route=\/wp\/v2\/posts"}],"about":[{"href":"https:\/\/funeralmade.com\/index.php?rest_route=\/wp\/v2\/types\/post"}],"author":[{"embeddable":true,"href":"https:\/\/funeralmade.com\/index.php?rest_route=\/wp\/v2\/users\/5"}],"replies":[{"embeddable":true,"href":"https:\/\/funeralmade.com\/index.php?rest_route=%2Fwp%2Fv2%2Fcomments&post=8072"}],"version-history":[{"count":5,"href":"https:\/\/funeralmade.com\/index.php?rest_route=\/wp\/v2\/posts\/8072\/revisions"}],"predecessor-version":[{"id":8080,"href":"https:\/\/funeralmade.com\/index.php?rest_route=\/wp\/v2\/posts\/8072\/revisions\/8080"}],"wp:featuredmedia":[{"embeddable":true,"href":"https:\/\/funeralmade.com\/index.php?rest_route=\/wp\/v2\/media\/8073"}],"wp:attachment":[{"href":"https:\/\/funeralmade.com\/index.php?rest_route=%2Fwp%2Fv2%2Fmedia&parent=8072"}],"wp:term":[{"taxonomy":"category","embeddable":true,"href":"https:\/\/funeralmade.com\/index.php?rest_route=%2Fwp%2Fv2%2Fcategories&post=8072"},{"taxonomy":"post_tag","embeddable":true,"href":"https:\/\/funeralmade.com\/index.php?rest_route=%2Fwp%2Fv2%2Ftags&post=8072"}],"curies":[{"name":"wp","href":"https:\/\/api.w.org\/{rel}","templated":true}]}}